{"id":1713,"date":"2024-06-03T15:52:41","date_gmt":"2024-06-03T13:52:41","guid":{"rendered":"https:\/\/www2.baltur.com\/it\/?p=1713"},"modified":"2024-07-10T11:00:04","modified_gmt":"2024-07-10T09:00:04","slug":"nuovo-servizio-di-credito-al-consumo-baltur","status":"publish","type":"post","link":"https:\/\/www.baltur.com\/it\/2024\/06\/nuovo-servizio-di-credito-al-consumo-baltur\/","title":{"rendered":"Nuovo servizio di Credito al Consumo Baltur"},"content":{"rendered":"<div class=\"wpb-content-wrapper\"><p>[vc_row][vc_column][vc_column_text css=&#8221;&#8221;]<strong>La Camera approvato definitivamente la conversione in legge del D.l. 3 del 29 marzo 2024 con alcune modificazioni.<\/strong><\/p>\n<p>A partire dal 1 gennaio 2024, la detraibilit\u00e0 delle spese sostenute per Superbonus, Sismabonus e Bonus barriere architettoniche \u00e8 rimodulata in 10 anni, anzich\u00e9 4.<\/p>\n<p><strong>Cessione del Credito e Sconto in Fattura\u00a0<\/strong><\/p>\n<p>Rimodulato anche il termine di recupero delle detrazioni da Cessione del Credito e Sconto in Fattura per Superbonus, eliminazione delle barriere architettoniche e adozione di misure antisismiche.<\/p>\n<p>Chi abbia gi\u00e0 fruito delle agevolazioni in dichiarazione dei redditi per tali interventi, sotto forma di detrazione, non potr\u00e0 esercitare l&#8217;opzione di Cessione del Credito per le rate residue e non ancora fruite.<\/p>\n<p>Al 4 aprile \u00e8 fissato il termine per inviare la sostituzione delle comunicazioni relative a Cessione del Credito e Sconto in Fattura all&#8217;Agenzia delle Entrate, alternative alla fruizione diretta di agevolazioni per interventi di recupero del patrimonio edilizio, rischio sismico, efficienza energetica, impianti fotovoltaici e colonnine di ricarica.<\/p>\n<p><strong>Bonus Ristrutturazioni<\/strong><\/p>\n<p>A far data dal 1 gennaio 2028 l&#8217;aliquota del Bonus Ristrutturazioni passer\u00e0 dal 36% al 30% per tutti gli interventi di recupero edilizio e riqualificazione energetica eseguiti tra il 1 gennaio 2028 e il 31 dicembre 2033.<br \/>\nEscluse da tale riduzione le spese sostenute per gli interventi di sostituzione di gruppi elettrogeni di emergenza esistenti con generatori di a gas di ultima generazione.<\/p>\n<p><strong>Aree terremotate e ONLUS<\/strong><\/p>\n<p>Per le aree terremotate nel 2025 \u00e8 previsto fondo di 35 milioni di euro per interventi di riqualificazione energetica e strutturale di immobili danneggiati dagli eventi sismici in aree dove \u00e8 stato dichiarato lo stato di emergenza a partire dal 1 aprile 2009.<br \/>\nIstituito un fondo anche per la riqualificazione edilizia delle organizzazioni ONLUS e di promozione sociale.[\/vc_column_text][\/vc_column][\/vc_row]<\/p>\n<\/div>","protected":false},"excerpt":{"rendered":"<p>[vc_row][vc_column][vc_column_text css=&#8221;&#8221;]La Camera approvato definitivamente la conversione in legge del D.l. 3 del 29 marzo 2024 con alcune modificazioni. A partire dal 1 gennaio 2024, la detraibilit\u00e0 delle spese sostenute per Superbonus, Sismabonus e Bonus barriere architettoniche \u00e8 rimodulata in 10 anni, anzich\u00e9 4. Cessione del Credito e Sconto in Fattura\u00a0 Rimodulato anche il termine [&hellip;]<\/p>\n","protected":false},"author":3,"featured_media":1714,"comment_status":"closed","ping_status":"closed","sticky":false,"template":"","format":"standard","meta":{"_acf_changed":false,"footnotes":""},"categories":[9,6],"tags":[80,78,82,81,79],"class_list":["post-1713","post","type-post","status-publish","format-standard","has-post-thumbnail","hentry","category-in-evidenza","category-we-are-baltur","tag-cessione-credito","tag-decreto","tag-fattura","tag-sconto","tag-superbonus"],"acf":[],"yoast_head":"<title>Nuovo servizio di Credito al Consumo Baltur - Baltur<\/title>\n<meta name=\"robots\" content=\"index, follow, max-snippet:-1, max-image-preview:large, max-video-preview:-1\" \/>\n<link rel=\"canonical\" href=\"https:\/\/www.baltur.com\/it\/2024\/06\/nuovo-servizio-di-credito-al-consumo-baltur\/\" \/>\n<meta property=\"og:locale\" content=\"it_IT\" \/>\n<meta property=\"og:type\" content=\"article\" \/>\n<meta property=\"og:title\" content=\"Nuovo servizio di Credito al Consumo Baltur - Baltur\" \/>\n<meta property=\"og:description\" content=\"[vc_row][vc_column][vc_column_text css=&#8221;&#8221;]La Camera approvato definitivamente la conversione in legge del D.l. 3 del 29 marzo 2024 con alcune modificazioni. A partire dal 1 gennaio 2024, la detraibilit\u00e0 delle spese sostenute per Superbonus, Sismabonus e Bonus barriere architettoniche \u00e8 rimodulata in 10 anni, anzich\u00e9 4. Cessione del Credito e Sconto in Fattura\u00a0 Rimodulato anche il termine [&hellip;]\" \/>\n<meta property=\"og:url\" content=\"https:\/\/www.baltur.com\/it\/2024\/06\/nuovo-servizio-di-credito-al-consumo-baltur\/\" \/>\n<meta property=\"og:site_name\" content=\"Baltur\" \/>\n<meta property=\"article:publisher\" content=\"https:\/\/www.facebook.com\/BalturSpa\/\" \/>\n<meta property=\"article:published_time\" content=\"2024-06-03T13:52:41+00:00\" \/>\n<meta property=\"article:modified_time\" content=\"2024-07-10T09:00:04+00:00\" \/>\n<meta property=\"og:image\" content=\"https:\/\/www.baltur.com\/it\/wp-content\/uploads\/2024\/05\/credito-consumo-baltur_750x399-1024x545.png\" \/>\n\t<meta property=\"og:image:width\" content=\"1024\" \/>\n\t<meta property=\"og:image:height\" content=\"545\" \/>\n\t<meta property=\"og:image:type\" content=\"image\/png\" \/>\n<meta name=\"author\" content=\"silvia.cantori\" \/>\n<meta name=\"twitter:card\" content=\"summary_large_image\" \/>\n<meta name=\"twitter:label1\" content=\"Scritto da\" \/>\n\t<meta name=\"twitter:data1\" content=\"silvia.cantori\" \/>\n\t<meta name=\"twitter:label2\" content=\"Tempo di lettura stimato\" \/>\n\t<meta name=\"twitter:data2\" content=\"2 minuti\" \/>\n<script type=\"application\/ld+json\" class=\"yoast-schema-graph\">{\"@context\":\"https:\/\/schema.org\",\"@graph\":[{\"@type\":\"Article\",\"@id\":\"https:\/\/www.baltur.com\/it\/2024\/06\/nuovo-servizio-di-credito-al-consumo-baltur\/#article\",\"isPartOf\":{\"@id\":\"https:\/\/www.baltur.com\/it\/2024\/06\/nuovo-servizio-di-credito-al-consumo-baltur\/\"},\"author\":{\"name\":\"silvia.cantori\",\"@id\":\"https:\/\/www.baltur.com\/it\/#\/schema\/person\/1ec991ca5dab090c2815965c08d97442\"},\"headline\":\"Nuovo servizio di Credito al Consumo Baltur\",\"datePublished\":\"2024-06-03T13:52:41+00:00\",\"dateModified\":\"2024-07-10T09:00:04+00:00\",\"mainEntityOfPage\":{\"@id\":\"https:\/\/www.baltur.com\/it\/2024\/06\/nuovo-servizio-di-credito-al-consumo-baltur\/\"},\"wordCount\":284,\"publisher\":{\"@id\":\"https:\/\/www.baltur.com\/it\/#organization\"},\"image\":{\"@id\":\"https:\/\/www.baltur.com\/it\/2024\/06\/nuovo-servizio-di-credito-al-consumo-baltur\/#primaryimage\"},\"thumbnailUrl\":\"https:\/\/www.baltur.com\/it\/wp-content\/uploads\/2024\/05\/credito-consumo-baltur_750x399.png\",\"keywords\":[\"cessione. credito\",\"decreto\",\"fattura\",\"sconto\",\"superbonus\"],\"articleSection\":[\"In evidenza\",\"We are Baltur\"],\"inLanguage\":\"it-IT\"},{\"@type\":\"WebPage\",\"@id\":\"https:\/\/www.baltur.com\/it\/2024\/06\/nuovo-servizio-di-credito-al-consumo-baltur\/\",\"url\":\"https:\/\/www.baltur.com\/it\/2024\/06\/nuovo-servizio-di-credito-al-consumo-baltur\/\",\"name\":\"Nuovo servizio di Credito al Consumo Baltur - Baltur\",\"isPartOf\":{\"@id\":\"https:\/\/www.baltur.com\/it\/#website\"},\"primaryImageOfPage\":{\"@id\":\"https:\/\/www.baltur.com\/it\/2024\/06\/nuovo-servizio-di-credito-al-consumo-baltur\/#primaryimage\"},\"image\":{\"@id\":\"https:\/\/www.baltur.com\/it\/2024\/06\/nuovo-servizio-di-credito-al-consumo-baltur\/#primaryimage\"},\"thumbnailUrl\":\"https:\/\/www.baltur.com\/it\/wp-content\/uploads\/2024\/05\/credito-consumo-baltur_750x399.png\",\"datePublished\":\"2024-06-03T13:52:41+00:00\",\"dateModified\":\"2024-07-10T09:00:04+00:00\",\"breadcrumb\":{\"@id\":\"https:\/\/www.baltur.com\/it\/2024\/06\/nuovo-servizio-di-credito-al-consumo-baltur\/#breadcrumb\"},\"inLanguage\":\"it-IT\",\"potentialAction\":[{\"@type\":\"ReadAction\",\"target\":[\"https:\/\/www.baltur.com\/it\/2024\/06\/nuovo-servizio-di-credito-al-consumo-baltur\/\"]}]},{\"@type\":\"ImageObject\",\"inLanguage\":\"it-IT\",\"@id\":\"https:\/\/www.baltur.com\/it\/2024\/06\/nuovo-servizio-di-credito-al-consumo-baltur\/#primaryimage\",\"url\":\"https:\/\/www.baltur.com\/it\/wp-content\/uploads\/2024\/05\/credito-consumo-baltur_750x399.png\",\"contentUrl\":\"https:\/\/www.baltur.com\/it\/wp-content\/uploads\/2024\/05\/credito-consumo-baltur_750x399.png\",\"width\":3125,\"height\":1663},{\"@type\":\"BreadcrumbList\",\"@id\":\"https:\/\/www.baltur.com\/it\/2024\/06\/nuovo-servizio-di-credito-al-consumo-baltur\/#breadcrumb\",\"itemListElement\":[{\"@type\":\"ListItem\",\"position\":1,\"name\":\"Home\",\"item\":\"https:\/\/www.baltur.com\/it\/\"},{\"@type\":\"ListItem\",\"position\":2,\"name\":\"Nuovo servizio di Credito al Consumo Baltur\"}]},{\"@type\":\"WebSite\",\"@id\":\"https:\/\/www.baltur.com\/it\/#website\",\"url\":\"https:\/\/www.baltur.com\/it\/\",\"name\":\"Baltur\",\"description\":\"\",\"publisher\":{\"@id\":\"https:\/\/www.baltur.com\/it\/#organization\"},\"potentialAction\":[{\"@type\":\"SearchAction\",\"target\":{\"@type\":\"EntryPoint\",\"urlTemplate\":\"https:\/\/www.baltur.com\/it\/?s={search_term_string}\"},\"query-input\":{\"@type\":\"PropertyValueSpecification\",\"valueRequired\":true,\"valueName\":\"search_term_string\"}}],\"inLanguage\":\"it-IT\"},{\"@type\":\"Organization\",\"@id\":\"https:\/\/www.baltur.com\/it\/#organization\",\"name\":\"Baltur\",\"url\":\"https:\/\/www.baltur.com\/it\/\",\"logo\":{\"@type\":\"ImageObject\",\"inLanguage\":\"it-IT\",\"@id\":\"https:\/\/www.baltur.com\/it\/#\/schema\/logo\/image\/\",\"url\":\"https:\/\/www.baltur.com\/it\/wp-content\/uploads\/2024\/02\/logo.png\",\"contentUrl\":\"https:\/\/www.baltur.com\/it\/wp-content\/uploads\/2024\/02\/logo.png\",\"width\":240,\"height\":100,\"caption\":\"Baltur\"},\"image\":{\"@id\":\"https:\/\/www.baltur.com\/it\/#\/schema\/logo\/image\/\"},\"sameAs\":[\"https:\/\/www.facebook.com\/BalturSpa\/\",\"https:\/\/www.instagram.com\/baltur_spa\/\",\"https:\/\/www.linkedin.com\/company\/baltur-s-p-a-\/\",\"https:\/\/www.youtube.com\/user\/BalturSpA\"]},{\"@type\":\"Person\",\"@id\":\"https:\/\/www.baltur.com\/it\/#\/schema\/person\/1ec991ca5dab090c2815965c08d97442\",\"name\":\"silvia.cantori\",\"url\":\"https:\/\/www.baltur.com\/it\/author\/silvia-cantori\/\"}]}<\/script>","yoast_head_json":{"title":"Nuovo servizio di Credito al Consumo Baltur - Baltur","robots":{"index":"index","follow":"follow","max-snippet":"max-snippet:-1","max-image-preview":"max-image-preview:large","max-video-preview":"max-video-preview:-1"},"canonical":"https:\/\/www.baltur.com\/it\/2024\/06\/nuovo-servizio-di-credito-al-consumo-baltur\/","og_locale":"it_IT","og_type":"article","og_title":"Nuovo servizio di Credito al Consumo Baltur - Baltur","og_description":"[vc_row][vc_column][vc_column_text css=&#8221;&#8221;]La Camera approvato definitivamente la conversione in legge del D.l. 3 del 29 marzo 2024 con alcune modificazioni. A partire dal 1 gennaio 2024, la detraibilit\u00e0 delle spese sostenute per Superbonus, Sismabonus e Bonus barriere architettoniche \u00e8 rimodulata in 10 anni, anzich\u00e9 4. Cessione del Credito e Sconto in Fattura\u00a0 Rimodulato anche il termine [&hellip;]","og_url":"https:\/\/www.baltur.com\/it\/2024\/06\/nuovo-servizio-di-credito-al-consumo-baltur\/","og_site_name":"Baltur","article_publisher":"https:\/\/www.facebook.com\/BalturSpa\/","article_published_time":"2024-06-03T13:52:41+00:00","article_modified_time":"2024-07-10T09:00:04+00:00","og_image":[{"width":1024,"height":545,"url":"https:\/\/www.baltur.com\/it\/wp-content\/uploads\/2024\/05\/credito-consumo-baltur_750x399-1024x545.png","type":"image\/png"}],"author":"silvia.cantori","twitter_card":"summary_large_image","twitter_misc":{"Scritto da":"silvia.cantori","Tempo di lettura stimato":"2 minuti"},"schema":{"@context":"https:\/\/schema.org","@graph":[{"@type":"Article","@id":"https:\/\/www.baltur.com\/it\/2024\/06\/nuovo-servizio-di-credito-al-consumo-baltur\/#article","isPartOf":{"@id":"https:\/\/www.baltur.com\/it\/2024\/06\/nuovo-servizio-di-credito-al-consumo-baltur\/"},"author":{"name":"silvia.cantori","@id":"https:\/\/www.baltur.com\/it\/#\/schema\/person\/1ec991ca5dab090c2815965c08d97442"},"headline":"Nuovo servizio di Credito al Consumo Baltur","datePublished":"2024-06-03T13:52:41+00:00","dateModified":"2024-07-10T09:00:04+00:00","mainEntityOfPage":{"@id":"https:\/\/www.baltur.com\/it\/2024\/06\/nuovo-servizio-di-credito-al-consumo-baltur\/"},"wordCount":284,"publisher":{"@id":"https:\/\/www.baltur.com\/it\/#organization"},"image":{"@id":"https:\/\/www.baltur.com\/it\/2024\/06\/nuovo-servizio-di-credito-al-consumo-baltur\/#primaryimage"},"thumbnailUrl":"https:\/\/www.baltur.com\/it\/wp-content\/uploads\/2024\/05\/credito-consumo-baltur_750x399.png","keywords":["cessione. credito","decreto","fattura","sconto","superbonus"],"articleSection":["In evidenza","We are Baltur"],"inLanguage":"it-IT"},{"@type":"WebPage","@id":"https:\/\/www.baltur.com\/it\/2024\/06\/nuovo-servizio-di-credito-al-consumo-baltur\/","url":"https:\/\/www.baltur.com\/it\/2024\/06\/nuovo-servizio-di-credito-al-consumo-baltur\/","name":"Nuovo servizio di Credito al Consumo Baltur - Baltur","isPartOf":{"@id":"https:\/\/www.baltur.com\/it\/#website"},"primaryImageOfPage":{"@id":"https:\/\/www.baltur.com\/it\/2024\/06\/nuovo-servizio-di-credito-al-consumo-baltur\/#primaryimage"},"image":{"@id":"https:\/\/www.baltur.com\/it\/2024\/06\/nuovo-servizio-di-credito-al-consumo-baltur\/#primaryimage"},"thumbnailUrl":"https:\/\/www.baltur.com\/it\/wp-content\/uploads\/2024\/05\/credito-consumo-baltur_750x399.png","datePublished":"2024-06-03T13:52:41+00:00","dateModified":"2024-07-10T09:00:04+00:00","breadcrumb":{"@id":"https:\/\/www.baltur.com\/it\/2024\/06\/nuovo-servizio-di-credito-al-consumo-baltur\/#breadcrumb"},"inLanguage":"it-IT","potentialAction":[{"@type":"ReadAction","target":["https:\/\/www.baltur.com\/it\/2024\/06\/nuovo-servizio-di-credito-al-consumo-baltur\/"]}]},{"@type":"ImageObject","inLanguage":"it-IT","@id":"https:\/\/www.baltur.com\/it\/2024\/06\/nuovo-servizio-di-credito-al-consumo-baltur\/#primaryimage","url":"https:\/\/www.baltur.com\/it\/wp-content\/uploads\/2024\/05\/credito-consumo-baltur_750x399.png","contentUrl":"https:\/\/www.baltur.com\/it\/wp-content\/uploads\/2024\/05\/credito-consumo-baltur_750x399.png","width":3125,"height":1663},{"@type":"BreadcrumbList","@id":"https:\/\/www.baltur.com\/it\/2024\/06\/nuovo-servizio-di-credito-al-consumo-baltur\/#breadcrumb","itemListElement":[{"@type":"ListItem","position":1,"name":"Home","item":"https:\/\/www.baltur.com\/it\/"},{"@type":"ListItem","position":2,"name":"Nuovo servizio di Credito al Consumo Baltur"}]},{"@type":"WebSite","@id":"https:\/\/www.baltur.com\/it\/#website","url":"https:\/\/www.baltur.com\/it\/","name":"Baltur","description":"","publisher":{"@id":"https:\/\/www.baltur.com\/it\/#organization"},"potentialAction":[{"@type":"SearchAction","target":{"@type":"EntryPoint","urlTemplate":"https:\/\/www.baltur.com\/it\/?s={search_term_string}"},"query-input":{"@type":"PropertyValueSpecification","valueRequired":true,"valueName":"search_term_string"}}],"inLanguage":"it-IT"},{"@type":"Organization","@id":"https:\/\/www.baltur.com\/it\/#organization","name":"Baltur","url":"https:\/\/www.baltur.com\/it\/","logo":{"@type":"ImageObject","inLanguage":"it-IT","@id":"https:\/\/www.baltur.com\/it\/#\/schema\/logo\/image\/","url":"https:\/\/www.baltur.com\/it\/wp-content\/uploads\/2024\/02\/logo.png","contentUrl":"https:\/\/www.baltur.com\/it\/wp-content\/uploads\/2024\/02\/logo.png","width":240,"height":100,"caption":"Baltur"},"image":{"@id":"https:\/\/www.baltur.com\/it\/#\/schema\/logo\/image\/"},"sameAs":["https:\/\/www.facebook.com\/BalturSpa\/","https:\/\/www.instagram.com\/baltur_spa\/","https:\/\/www.linkedin.com\/company\/baltur-s-p-a-\/","https:\/\/www.youtube.com\/user\/BalturSpA"]},{"@type":"Person","@id":"https:\/\/www.baltur.com\/it\/#\/schema\/person\/1ec991ca5dab090c2815965c08d97442","name":"silvia.cantori","url":"https:\/\/www.baltur.com\/it\/author\/silvia-cantori\/"}]}},"_links":{"self":[{"href":"https:\/\/www.baltur.com\/it\/wp-json\/wp\/v2\/posts\/1713"}],"collection":[{"href":"https:\/\/www.baltur.com\/it\/wp-json\/wp\/v2\/posts"}],"about":[{"href":"https:\/\/www.baltur.com\/it\/wp-json\/wp\/v2\/types\/post"}],"author":[{"embeddable":true,"href":"https:\/\/www.baltur.com\/it\/wp-json\/wp\/v2\/users\/3"}],"replies":[{"embeddable":true,"href":"https:\/\/www.baltur.com\/it\/wp-json\/wp\/v2\/comments?post=1713"}],"version-history":[{"count":2,"href":"https:\/\/www.baltur.com\/it\/wp-json\/wp\/v2\/posts\/1713\/revisions"}],"predecessor-version":[{"id":1727,"href":"https:\/\/www.baltur.com\/it\/wp-json\/wp\/v2\/posts\/1713\/revisions\/1727"}],"wp:featuredmedia":[{"embeddable":true,"href":"https:\/\/www.baltur.com\/it\/wp-json\/wp\/v2\/media\/1714"}],"wp:attachment":[{"href":"https:\/\/www.baltur.com\/it\/wp-json\/wp\/v2\/media?parent=1713"}],"wp:term":[{"taxonomy":"category","embeddable":true,"href":"https:\/\/www.baltur.com\/it\/wp-json\/wp\/v2\/categories?post=1713"},{"taxonomy":"post_tag","embeddable":true,"href":"https:\/\/www.baltur.com\/it\/wp-json\/wp\/v2\/tags?post=1713"}],"curies":[{"name":"wp","href":"https:\/\/api.w.org\/{rel}","templated":true}]}}