{"id":4563,"date":"2025-01-27T14:09:45","date_gmt":"2025-01-27T13:09:45","guid":{"rendered":"https:\/\/www.baltur.com\/it\/?p=4563"},"modified":"2025-01-27T14:09:45","modified_gmt":"2025-01-27T13:09:45","slug":"baltur-75-uno-sguardo-allanno-appena-trascorso","status":"publish","type":"post","link":"https:\/\/www.baltur.com\/it\/2025\/01\/baltur-75-uno-sguardo-allanno-appena-trascorso\/","title":{"rendered":"Baltur 75! Uno sguardo all&#8217;anno appena trascorso"},"content":{"rendered":"<div class=\"wpb-content-wrapper\"><p>[vc_row][vc_column][vc_column_text css=&#8221;&#8221;]<strong> Il 2024 \u00e8 stato un anno importante per Baltur, ricco di sfide e successi, quali i pi\u00f9 salienti?<\/strong><\/p>\n<p>Sicuramente la Cina, che per Baltur \u00e8 uno dei mercati storici. Nel 2018\u00a0aveva iniziato una brusca frenata\u00a0a causa dell\u2019inattesa ed improvvisa cancellazione degli incentivi da parte del governo cinese e il mercato del bruciatore aveva subito un crollo imprevisto. Nel 2020 lo scoppio della pandemia aveva aggravato la situazione. Tra il 2023 e il 2024 cominciavano a manifestarsi i segnali di una ripartenza, ma al contempo\u00a0scoppiava la bolla immobiliare e\u00a0stava emergendo il problema\u00a0della sovraproduzione\u00a0della\u00a0concorrenza dei produttori locali cinesi. Ci siamo quindi resi conto che per recuperare la nostra posizione sul mercato e consolidarla occorreva studiare e implementare una strategia\u00a0commerciale\u00a0ad hoc. Abbiamo quindi reimpostato, riorganizzato e rafforzato con nuovi ingressi non solo la nostra rete di distributori, ma anche il team dei collaboratori di Shanghai e di Cento dedicati alla Cina. Stiamo raccogliendo i primi frutti di questo investimento e continuiamo a lavorare per migliorare ulteriormente la nostra posizione sul mercato.<\/p>\n<p><strong>Nel 2024 avete rilasciato nuovi sistemi per il residenziale e nuove tecnologie per il settore industriale che dimostrano azioni concrete nella riduzione delle emissioni, investimenti importanti e impegno profuso nella ricerca. Ci illustra il processo che ha portato Baltur fin qui?<\/strong><\/p>\n<p>Nel 2024, Baltur ha compiuto significativi progressi nell\u2019ambito della transizione energetica, con un impegno concreto verso la riduzione delle emissioni e l\u2019adozione di soluzioni pi\u00f9 sostenibili in linea con gli obiettivi globali e le pi\u00f9 recenti politiche di decarbonizzazione. Il nostro lavoro si inserisce in un percorso strategico che mira a rispondere alle sfide di oggi e a supportare la transizione verso un futuro pi\u00f9 sostenibile.<\/p>\n<p>Per raggiungere questi obiettivi, Baltur ha sviluppato e introdotto tecnologie innovative che vanno a rafforzare il nostro impegno nella sostenibilit\u00e0. Tra le principali novit\u00e0, segnaliamo l\u2019introduzione della combustione con miscele di gas e idrogeno, una soluzione che applica la tecnologia \u201cH2 Ready\u201d su tutta la nostra gamma di <a href=\"https:\/\/www.baltur.com\/it\/tipologie-serie\/caldaie\/\"><u>caldaie residenziali<\/u><\/a>, l\u2019ampliamento della proposta di <a href=\"https:\/\/www.baltur.com\/it\/tipologie-serie\/sistemi-ibridi\/\"><u>sistemi ibridi<\/u><\/a> e nuovi <u>sistemi full electric.<\/u><\/p>\n<p>Un altro passo fondamentale, in ambito industriale invece, \u00e8 rappresentato dai nuovi bruciatori super low NOx a bassissime emissioni, in <u>classe 4<\/u> di ossidi di azoto e monossido di carbonio.<\/p>\n<p><strong>Ci illustra le principali novit\u00e0 prodotte per il residenziale: Caldaie a idrogeno Perfecta \u201cH2 ready\u201d, Sistemi ibridi GENIO HYBRID e Sistemi \u201cFull Electric\u201d GENIO HP?<\/strong><\/p>\n<p>Le caldaie <a href=\"https:\/\/www.baltur.com\/it\/serie\/caldaia-murale-condensazione-istantanea-perfecta-eco-plus-sk\/\"><strong>PERFECTA H2 Ready<\/strong><\/a> rappresentano il futuro della combustione residenziale, bruciando una miscela di gas metano e idrogeno (ad oggi fino ad un massimo del 20%) consentono di raggiungere livelli di emissioni inquinanti decisamente inferiori rispetto alla combustione tradizionale, aprendo di fatto la strada all\u2019impiego dell\u2019idrogeno come combustibile \u201cgreen\u201d per la transizione energetica.<\/p>\n<p><a href=\"https:\/\/www.baltur.com\/it\/serie\/sistemi-ibridi-genio-hybrid\/\"><strong>GENIO HYBRID<\/strong><\/a> \u00e8 in sistema ibrido altamente performante che, grazie a logiche di gestione dei carichi\/consumi del tutto innovative (in grado di analizzare il fabbisogno energetico e i costi di gas e luce), garantisce una altissima efficienza e il massimo risparmio per il cliente finale.<\/p>\n<p><strong>GENIO HP<\/strong> rappresenta infine una soluzione compatta, all-in-one, per un sistema completamente full electric in pompa di calore, idoneo per riscaldamento, raffrescamento e produzione di acqua calda sanitaria.<\/p>\n<p><strong>Sul fronte industriale avete \u201cbrevettato\u201d una nuova tecnologia di combustione, la quale Vi ha permesso di raggiungere la classe Europea pi\u00f9 performante in termini di emissioni (gamma TBG ME SLX) ed eseguito il restyling della gamma bruciatori \u201cThe Best\u201d (800\u00f73.600kW). Ce ne parla?<\/strong><\/p>\n<p>I nuovi bruciatori <a href=\"https:\/\/www.baltur.com\/it\/serie\/bruciatori-gas-bassi-nox-tbg-slx\/\"><strong>TBG ME SLX<\/strong><\/a> rappresentano la nostra avanguardia tecnologica nel settore della combustione industriale, omologati Classe 4 EN676 di inquinanti NOx e CO, consentono il raggiungimento di emissioni estremamente basse nella maggior parte delle applicazioni.<\/p>\n<p>La nuova gamma \u201cThe Best\u201d <strong>T<a href=\"https:\/\/www.baltur.com\/it\/serie\/bruciatori-gas-modulanti-tbg-lx-me\/\">BG ME\/LX ME<\/a><\/strong> invece, oltre che essere stata interessata da un importante rinnovo nel design di prodotto, \u00e8 stata maggiormente industrializzata da un punto di vista produttivo e resa conforme a nuove direttive industriali, permettendone cos\u00ec un impiego pi\u00f9 versatile su diverse applicazioni.<\/p>\n<p><strong>Quali messaggi vuole lanciare al team di Baltur, ai vostri partner e ai vostri clienti? <\/strong><\/p>\n<p>Per riuscire di questi tempi a portare avanti dei progetti che ci permettano di competere efficacemente in uno scenario sempre pi\u00f9 dinamico e in rapida evoluzione, occorre che tutti i soggetti coinvolti mettano in campo un buon gioco di squadra, collaborando costruttivamente e impegnandosi a fondo nel raggiungimento di obiettivi comuni. L\u2019approccio mentale \u00e8 di fondamentale importanza: entusiasmo, passione, voglia di migliorare e di migliorarsi, intraprendenza, apertura al cambiamento, sono elementi che ci aiutano ad affrontare meglio le difficolt\u00e0 rimanendo focalizzati sui nostri obiettivi. L\u2019invito che rivolgo a tutti \u00e8 di continuare ad avere fiducia in me e nei miei manager per costruire insieme con la giusta motivazione la Baltur del futuro.[\/vc_column_text][\/vc_column][\/vc_row]<\/p>\n<\/div>","protected":false},"excerpt":{"rendered":"<p>[vc_row][vc_column][vc_column_text css=&#8221;&#8221;] Il 2024 \u00e8 stato un anno importante per Baltur, ricco di sfide e successi, quali i pi\u00f9 salienti? Sicuramente la Cina, che per Baltur \u00e8 uno dei mercati storici. Nel 2018\u00a0aveva iniziato una brusca frenata\u00a0a causa dell\u2019inattesa ed improvvisa cancellazione degli incentivi da parte del governo cinese e il mercato del bruciatore aveva [&hellip;]<\/p>\n","protected":false},"author":3,"featured_media":4567,"comment_status":"closed","ping_status":"closed","sticky":false,"template":"","format":"standard","meta":{"_acf_changed":false,"footnotes":""},"categories":[6],"tags":[200,202,201],"class_list":["post-4563","post","type-post","status-publish","format-standard","has-post-thumbnail","hentry","category-we-are-baltur","tag-75-anni","tag-anniversario-baltur","tag-baltur-75"],"acf":[],"yoast_head":"<title>Deumidificatore vs Condizionatore: quale scegliere? | Baltur<\/title>\n<meta name=\"description\" content=\"Quando si tratta di climatizzare gli ambienti pu\u00f2 essere difficile scegliere tra un deumidificatore o un condizionatore. Vi spieghiamo come.\" \/>\n<meta name=\"robots\" content=\"index, follow, max-snippet:-1, max-image-preview:large, max-video-preview:-1\" \/>\n<link rel=\"canonical\" href=\"https:\/\/www.baltur.com\/it\/2025\/01\/baltur-75-uno-sguardo-allanno-appena-trascorso\/\" \/>\n<meta property=\"og:locale\" content=\"it_IT\" \/>\n<meta property=\"og:type\" content=\"article\" \/>\n<meta property=\"og:title\" content=\"Deumidificatore vs Condizionatore: quale scegliere? | Baltur\" \/>\n<meta property=\"og:description\" content=\"Quando si tratta di climatizzare gli ambienti pu\u00f2 essere difficile scegliere tra un deumidificatore o un condizionatore. Vi spieghiamo come.\" \/>\n<meta property=\"og:url\" content=\"https:\/\/www.baltur.com\/it\/2025\/01\/baltur-75-uno-sguardo-allanno-appena-trascorso\/\" \/>\n<meta property=\"og:site_name\" content=\"Baltur\" \/>\n<meta property=\"article:publisher\" content=\"https:\/\/www.facebook.com\/BalturSpa\/\" \/>\n<meta property=\"article:published_time\" content=\"2025-01-27T13:09:45+00:00\" \/>\n<meta property=\"og:image\" content=\"https:\/\/www.baltur.com\/it\/wp-content\/uploads\/2025\/01\/Baltur-75-anniversario.jpg\" \/>\n\t<meta property=\"og:image:width\" content=\"2560\" \/>\n\t<meta property=\"og:image:height\" content=\"1362\" \/>\n\t<meta property=\"og:image:type\" content=\"image\/jpeg\" \/>\n<meta name=\"author\" content=\"silvia.cantori\" \/>\n<meta name=\"twitter:card\" content=\"summary_large_image\" \/>\n<meta name=\"twitter:label1\" content=\"Scritto da\" \/>\n\t<meta name=\"twitter:data1\" content=\"silvia.cantori\" \/>\n\t<meta name=\"twitter:label2\" content=\"Tempo di lettura stimato\" \/>\n\t<meta name=\"twitter:data2\" content=\"5 minuti\" \/>\n<script type=\"application\/ld+json\" class=\"yoast-schema-graph\">{\"@context\":\"https:\/\/schema.org\",\"@graph\":[{\"@type\":\"Article\",\"@id\":\"https:\/\/www.baltur.com\/it\/2025\/01\/baltur-75-uno-sguardo-allanno-appena-trascorso\/#article\",\"isPartOf\":{\"@id\":\"https:\/\/www.baltur.com\/it\/2025\/01\/baltur-75-uno-sguardo-allanno-appena-trascorso\/\"},\"author\":{\"name\":\"silvia.cantori\",\"@id\":\"https:\/\/www.baltur.com\/it\/#\/schema\/person\/1ec991ca5dab090c2815965c08d97442\"},\"headline\":\"Baltur 75! Uno sguardo all&#8217;anno appena trascorso\",\"datePublished\":\"2025-01-27T13:09:45+00:00\",\"dateModified\":\"2025-01-27T13:09:45+00:00\",\"mainEntityOfPage\":{\"@id\":\"https:\/\/www.baltur.com\/it\/2025\/01\/baltur-75-uno-sguardo-allanno-appena-trascorso\/\"},\"wordCount\":797,\"publisher\":{\"@id\":\"https:\/\/www.baltur.com\/it\/#organization\"},\"image\":{\"@id\":\"https:\/\/www.baltur.com\/it\/2025\/01\/baltur-75-uno-sguardo-allanno-appena-trascorso\/#primaryimage\"},\"thumbnailUrl\":\"https:\/\/www.baltur.com\/it\/wp-content\/uploads\/2025\/01\/Baltur-75-anniversario.jpg\",\"keywords\":[\"75 anni\",\"anniversario baltur\",\"baltur 75\"],\"articleSection\":[\"We are Baltur\"],\"inLanguage\":\"it-IT\"},{\"@type\":\"WebPage\",\"@id\":\"https:\/\/www.baltur.com\/it\/2025\/01\/baltur-75-uno-sguardo-allanno-appena-trascorso\/\",\"url\":\"https:\/\/www.baltur.com\/it\/2025\/01\/baltur-75-uno-sguardo-allanno-appena-trascorso\/\",\"name\":\"Deumidificatore vs Condizionatore: quale scegliere? | Baltur\",\"isPartOf\":{\"@id\":\"https:\/\/www.baltur.com\/it\/#website\"},\"primaryImageOfPage\":{\"@id\":\"https:\/\/www.baltur.com\/it\/2025\/01\/baltur-75-uno-sguardo-allanno-appena-trascorso\/#primaryimage\"},\"image\":{\"@id\":\"https:\/\/www.baltur.com\/it\/2025\/01\/baltur-75-uno-sguardo-allanno-appena-trascorso\/#primaryimage\"},\"thumbnailUrl\":\"https:\/\/www.baltur.com\/it\/wp-content\/uploads\/2025\/01\/Baltur-75-anniversario.jpg\",\"datePublished\":\"2025-01-27T13:09:45+00:00\",\"dateModified\":\"2025-01-27T13:09:45+00:00\",\"description\":\"Quando si tratta di climatizzare gli ambienti pu\u00f2 essere difficile scegliere tra un deumidificatore o un condizionatore. Vi spieghiamo come.\",\"breadcrumb\":{\"@id\":\"https:\/\/www.baltur.com\/it\/2025\/01\/baltur-75-uno-sguardo-allanno-appena-trascorso\/#breadcrumb\"},\"inLanguage\":\"it-IT\",\"potentialAction\":[{\"@type\":\"ReadAction\",\"target\":[\"https:\/\/www.baltur.com\/it\/2025\/01\/baltur-75-uno-sguardo-allanno-appena-trascorso\/\"]}]},{\"@type\":\"ImageObject\",\"inLanguage\":\"it-IT\",\"@id\":\"https:\/\/www.baltur.com\/it\/2025\/01\/baltur-75-uno-sguardo-allanno-appena-trascorso\/#primaryimage\",\"url\":\"https:\/\/www.baltur.com\/it\/wp-content\/uploads\/2025\/01\/Baltur-75-anniversario.jpg\",\"contentUrl\":\"https:\/\/www.baltur.com\/it\/wp-content\/uploads\/2025\/01\/Baltur-75-anniversario.jpg\",\"width\":2560,\"height\":1362},{\"@type\":\"BreadcrumbList\",\"@id\":\"https:\/\/www.baltur.com\/it\/2025\/01\/baltur-75-uno-sguardo-allanno-appena-trascorso\/#breadcrumb\",\"itemListElement\":[{\"@type\":\"ListItem\",\"position\":1,\"name\":\"Home\",\"item\":\"https:\/\/www.baltur.com\/it\/\"},{\"@type\":\"ListItem\",\"position\":2,\"name\":\"Baltur 75! Uno sguardo all&#8217;anno appena trascorso\"}]},{\"@type\":\"WebSite\",\"@id\":\"https:\/\/www.baltur.com\/it\/#website\",\"url\":\"https:\/\/www.baltur.com\/it\/\",\"name\":\"Baltur\",\"description\":\"\",\"publisher\":{\"@id\":\"https:\/\/www.baltur.com\/it\/#organization\"},\"potentialAction\":[{\"@type\":\"SearchAction\",\"target\":{\"@type\":\"EntryPoint\",\"urlTemplate\":\"https:\/\/www.baltur.com\/it\/?s={search_term_string}\"},\"query-input\":{\"@type\":\"PropertyValueSpecification\",\"valueRequired\":true,\"valueName\":\"search_term_string\"}}],\"inLanguage\":\"it-IT\"},{\"@type\":\"Organization\",\"@id\":\"https:\/\/www.baltur.com\/it\/#organization\",\"name\":\"Baltur\",\"url\":\"https:\/\/www.baltur.com\/it\/\",\"logo\":{\"@type\":\"ImageObject\",\"inLanguage\":\"it-IT\",\"@id\":\"https:\/\/www.baltur.com\/it\/#\/schema\/logo\/image\/\",\"url\":\"https:\/\/www.baltur.com\/it\/wp-content\/uploads\/2024\/02\/logo.png\",\"contentUrl\":\"https:\/\/www.baltur.com\/it\/wp-content\/uploads\/2024\/02\/logo.png\",\"width\":240,\"height\":100,\"caption\":\"Baltur\"},\"image\":{\"@id\":\"https:\/\/www.baltur.com\/it\/#\/schema\/logo\/image\/\"},\"sameAs\":[\"https:\/\/www.facebook.com\/BalturSpa\/\",\"https:\/\/www.instagram.com\/baltur_spa\/\",\"https:\/\/www.linkedin.com\/company\/baltur-s-p-a-\/\",\"https:\/\/www.youtube.com\/user\/BalturSpA\"]},{\"@type\":\"Person\",\"@id\":\"https:\/\/www.baltur.com\/it\/#\/schema\/person\/1ec991ca5dab090c2815965c08d97442\",\"name\":\"silvia.cantori\",\"url\":\"https:\/\/www.baltur.com\/it\/author\/silvia-cantori\/\"}]}<\/script>","yoast_head_json":{"title":"Deumidificatore vs Condizionatore: quale scegliere? | Baltur","description":"Quando si tratta di climatizzare gli ambienti pu\u00f2 essere difficile scegliere tra un deumidificatore o un condizionatore. Vi spieghiamo come.","robots":{"index":"index","follow":"follow","max-snippet":"max-snippet:-1","max-image-preview":"max-image-preview:large","max-video-preview":"max-video-preview:-1"},"canonical":"https:\/\/www.baltur.com\/it\/2025\/01\/baltur-75-uno-sguardo-allanno-appena-trascorso\/","og_locale":"it_IT","og_type":"article","og_title":"Deumidificatore vs Condizionatore: quale scegliere? | Baltur","og_description":"Quando si tratta di climatizzare gli ambienti pu\u00f2 essere difficile scegliere tra un deumidificatore o un condizionatore. Vi spieghiamo come.","og_url":"https:\/\/www.baltur.com\/it\/2025\/01\/baltur-75-uno-sguardo-allanno-appena-trascorso\/","og_site_name":"Baltur","article_publisher":"https:\/\/www.facebook.com\/BalturSpa\/","article_published_time":"2025-01-27T13:09:45+00:00","og_image":[{"width":2560,"height":1362,"url":"https:\/\/www.baltur.com\/it\/wp-content\/uploads\/2025\/01\/Baltur-75-anniversario.jpg","type":"image\/jpeg"}],"author":"silvia.cantori","twitter_card":"summary_large_image","twitter_misc":{"Scritto da":"silvia.cantori","Tempo di lettura stimato":"5 minuti"},"schema":{"@context":"https:\/\/schema.org","@graph":[{"@type":"Article","@id":"https:\/\/www.baltur.com\/it\/2025\/01\/baltur-75-uno-sguardo-allanno-appena-trascorso\/#article","isPartOf":{"@id":"https:\/\/www.baltur.com\/it\/2025\/01\/baltur-75-uno-sguardo-allanno-appena-trascorso\/"},"author":{"name":"silvia.cantori","@id":"https:\/\/www.baltur.com\/it\/#\/schema\/person\/1ec991ca5dab090c2815965c08d97442"},"headline":"Baltur 75! Uno sguardo all&#8217;anno appena trascorso","datePublished":"2025-01-27T13:09:45+00:00","dateModified":"2025-01-27T13:09:45+00:00","mainEntityOfPage":{"@id":"https:\/\/www.baltur.com\/it\/2025\/01\/baltur-75-uno-sguardo-allanno-appena-trascorso\/"},"wordCount":797,"publisher":{"@id":"https:\/\/www.baltur.com\/it\/#organization"},"image":{"@id":"https:\/\/www.baltur.com\/it\/2025\/01\/baltur-75-uno-sguardo-allanno-appena-trascorso\/#primaryimage"},"thumbnailUrl":"https:\/\/www.baltur.com\/it\/wp-content\/uploads\/2025\/01\/Baltur-75-anniversario.jpg","keywords":["75 anni","anniversario baltur","baltur 75"],"articleSection":["We are Baltur"],"inLanguage":"it-IT"},{"@type":"WebPage","@id":"https:\/\/www.baltur.com\/it\/2025\/01\/baltur-75-uno-sguardo-allanno-appena-trascorso\/","url":"https:\/\/www.baltur.com\/it\/2025\/01\/baltur-75-uno-sguardo-allanno-appena-trascorso\/","name":"Deumidificatore vs Condizionatore: quale scegliere? | Baltur","isPartOf":{"@id":"https:\/\/www.baltur.com\/it\/#website"},"primaryImageOfPage":{"@id":"https:\/\/www.baltur.com\/it\/2025\/01\/baltur-75-uno-sguardo-allanno-appena-trascorso\/#primaryimage"},"image":{"@id":"https:\/\/www.baltur.com\/it\/2025\/01\/baltur-75-uno-sguardo-allanno-appena-trascorso\/#primaryimage"},"thumbnailUrl":"https:\/\/www.baltur.com\/it\/wp-content\/uploads\/2025\/01\/Baltur-75-anniversario.jpg","datePublished":"2025-01-27T13:09:45+00:00","dateModified":"2025-01-27T13:09:45+00:00","description":"Quando si tratta di climatizzare gli ambienti pu\u00f2 essere difficile scegliere tra un deumidificatore o un condizionatore. Vi spieghiamo come.","breadcrumb":{"@id":"https:\/\/www.baltur.com\/it\/2025\/01\/baltur-75-uno-sguardo-allanno-appena-trascorso\/#breadcrumb"},"inLanguage":"it-IT","potentialAction":[{"@type":"ReadAction","target":["https:\/\/www.baltur.com\/it\/2025\/01\/baltur-75-uno-sguardo-allanno-appena-trascorso\/"]}]},{"@type":"ImageObject","inLanguage":"it-IT","@id":"https:\/\/www.baltur.com\/it\/2025\/01\/baltur-75-uno-sguardo-allanno-appena-trascorso\/#primaryimage","url":"https:\/\/www.baltur.com\/it\/wp-content\/uploads\/2025\/01\/Baltur-75-anniversario.jpg","contentUrl":"https:\/\/www.baltur.com\/it\/wp-content\/uploads\/2025\/01\/Baltur-75-anniversario.jpg","width":2560,"height":1362},{"@type":"BreadcrumbList","@id":"https:\/\/www.baltur.com\/it\/2025\/01\/baltur-75-uno-sguardo-allanno-appena-trascorso\/#breadcrumb","itemListElement":[{"@type":"ListItem","position":1,"name":"Home","item":"https:\/\/www.baltur.com\/it\/"},{"@type":"ListItem","position":2,"name":"Baltur 75! Uno sguardo all&#8217;anno appena trascorso"}]},{"@type":"WebSite","@id":"https:\/\/www.baltur.com\/it\/#website","url":"https:\/\/www.baltur.com\/it\/","name":"Baltur","description":"","publisher":{"@id":"https:\/\/www.baltur.com\/it\/#organization"},"potentialAction":[{"@type":"SearchAction","target":{"@type":"EntryPoint","urlTemplate":"https:\/\/www.baltur.com\/it\/?s={search_term_string}"},"query-input":{"@type":"PropertyValueSpecification","valueRequired":true,"valueName":"search_term_string"}}],"inLanguage":"it-IT"},{"@type":"Organization","@id":"https:\/\/www.baltur.com\/it\/#organization","name":"Baltur","url":"https:\/\/www.baltur.com\/it\/","logo":{"@type":"ImageObject","inLanguage":"it-IT","@id":"https:\/\/www.baltur.com\/it\/#\/schema\/logo\/image\/","url":"https:\/\/www.baltur.com\/it\/wp-content\/uploads\/2024\/02\/logo.png","contentUrl":"https:\/\/www.baltur.com\/it\/wp-content\/uploads\/2024\/02\/logo.png","width":240,"height":100,"caption":"Baltur"},"image":{"@id":"https:\/\/www.baltur.com\/it\/#\/schema\/logo\/image\/"},"sameAs":["https:\/\/www.facebook.com\/BalturSpa\/","https:\/\/www.instagram.com\/baltur_spa\/","https:\/\/www.linkedin.com\/company\/baltur-s-p-a-\/","https:\/\/www.youtube.com\/user\/BalturSpA"]},{"@type":"Person","@id":"https:\/\/www.baltur.com\/it\/#\/schema\/person\/1ec991ca5dab090c2815965c08d97442","name":"silvia.cantori","url":"https:\/\/www.baltur.com\/it\/author\/silvia-cantori\/"}]}},"_links":{"self":[{"href":"https:\/\/www.baltur.com\/it\/wp-json\/wp\/v2\/posts\/4563"}],"collection":[{"href":"https:\/\/www.baltur.com\/it\/wp-json\/wp\/v2\/posts"}],"about":[{"href":"https:\/\/www.baltur.com\/it\/wp-json\/wp\/v2\/types\/post"}],"author":[{"embeddable":true,"href":"https:\/\/www.baltur.com\/it\/wp-json\/wp\/v2\/users\/3"}],"replies":[{"embeddable":true,"href":"https:\/\/www.baltur.com\/it\/wp-json\/wp\/v2\/comments?post=4563"}],"version-history":[{"count":5,"href":"https:\/\/www.baltur.com\/it\/wp-json\/wp\/v2\/posts\/4563\/revisions"}],"predecessor-version":[{"id":4569,"href":"https:\/\/www.baltur.com\/it\/wp-json\/wp\/v2\/posts\/4563\/revisions\/4569"}],"wp:featuredmedia":[{"embeddable":true,"href":"https:\/\/www.baltur.com\/it\/wp-json\/wp\/v2\/media\/4567"}],"wp:attachment":[{"href":"https:\/\/www.baltur.com\/it\/wp-json\/wp\/v2\/media?parent=4563"}],"wp:term":[{"taxonomy":"category","embeddable":true,"href":"https:\/\/www.baltur.com\/it\/wp-json\/wp\/v2\/categories?post=4563"},{"taxonomy":"post_tag","embeddable":true,"href":"https:\/\/www.baltur.com\/it\/wp-json\/wp\/v2\/tags?post=4563"}],"curies":[{"name":"wp","href":"https:\/\/api.w.org\/{rel}","templated":true}]}}