{"id":4570,"date":"2025-02-26T09:57:18","date_gmt":"2025-02-26T08:57:18","guid":{"rendered":"https:\/\/www.baltur.com\/it\/?p=4570"},"modified":"2025-02-26T09:57:18","modified_gmt":"2025-02-26T08:57:18","slug":"baltur-75-anniversario","status":"publish","type":"post","link":"https:\/\/www.baltur.com\/it\/2025\/02\/baltur-75-anniversario\/","title":{"rendered":"Baltur 75\u00b0 anniversario"},"content":{"rendered":"<div class=\"wpb-content-wrapper\"><p>[vc_row][vc_column][vc_column_text css=&#8221;&#8221;]<strong> Da quanto tempo \u00e8 alla guida della Baltur?<\/strong><\/p>\n<p>Dopo aver maturato utili e formative esperienze nei settori amministrativo e commerciale di altre aziende metalmeccaniche, sono entrato in Baltur nel 1995 e ne sono l\u2019Amministratore Delegato e Direttore Generale dal 1999.<\/p>\n<p><strong> La storia dell&#8217;azienda si mescola con quella della sua famiglia: quali ricordi ha piacere di condividere?<\/strong><\/p>\n<p>In oltre trent\u2019anni di Baltur sono ovviamente numerosi i momenti che ricordo volentieri, ma direi in particolare tutte le occasioni che hanno visto me e la mia famiglia incontrarsi con i nostri dipendenti per celebrare le <strong>tappe salienti dell\u2019Azienda. <\/strong><\/p>\n<p>Il 50\u00b0 anniversario, che festeggiammo nel 2000, rimarr\u00e0 un momento indimenticabile, cos\u00ec come sono certo lo sar\u00e0 anche quello che vivremo a marzo per il 75\u00b0 di Baltur e che vedr\u00e0 presenti anche in questo caso la famiglia Fava e i nostri dipendenti.<\/p>\n<p><strong>Siamo alla terza generazione di imprenditori &#8211; caso raro fra le imprese familiari<\/strong> &#8211; e fra pochi anni entrer\u00e0 in gioco la quarta, vale a dire i miei figli, rinsaldando ulteriormente questo storico legame.<\/p>\n<p><strong> Qual \u00e8 stata l&#8217;evoluzione dell&#8217;azienda nel quadro italiano? Le tappe pi\u00f9 salienti?<\/strong><\/p>\n<p>Baltur \u00e8 nata come azienda produttrice di bruciatori e fino agli anni \u201870 ha mantenuto questa precisa identit\u00e0. Poi, con l\u2019arrivo in Italia del gas e lo sviluppo delle infrastrutture ad esso collegate, il mercato \u00e8 cambiato e quindi, oltre a mantenere il focus sul nostro core business, ci siamo avvicinati al mondo del <strong>comfort<\/strong>, prima con le <strong>caldaie<\/strong> a basamento e poi anche con le murali.<\/p>\n<p>Nei decenni successivi ha avuto un rapido sviluppo anche il settore della <strong>climatizzazione<\/strong>, fino ad arrivare poi alle <strong>energie rinnovabili <\/strong>e all\u2019attuale<strong> transizione energetic<\/strong>a.<br \/>\nIn questo lungo e articolato percorso, Baltur si \u00e8 sempre fatta trovare pronta a rispondere ai cambiamenti di mercato con tempestivit\u00e0 ed efficacia.<\/p>\n<p>A tale proposito, una delle tappe pi\u00f9 significative nella storia della Baltur \u00e8 stata senz\u2019altro il grande investimento sul nostro <strong>nuovo laboratorio ricerche e prove, uno dei pi\u00f9 grandi d\u2019Europa<\/strong>, struttura all\u2019avanguardia all\u2019interno della quale vengono progettati e testati i nostri nuovi prodotti.<\/p>\n<p><strong>Quali sono state le sfide pi\u00f9 grandi nella storia dell&#8217;azienda?<\/strong><\/p>\n<p>Direi tutte quelle che hanno portato la Baltur a confrontarsi con nuovi scenari e cambiamenti di mercato.<br \/>\nUna delle sfide pi\u00f9 difficili da affrontare \u00e8 stata quella legata al crollo del mercato cinese nel 2018, che ci ha messi a dura prova ma dalla quale siamo usciti attraverso <strong>alcune decisioni coraggiose<\/strong> che ho preso come imprenditore e che ho poi concretizzato con l\u2019aiuto dei miei manager.<\/p>\n<p><strong>Qual \u00e8 il suo sentimento nei confronti della squadra che ha formato?<\/strong><\/p>\n<p><strong>Gratitudine e affetto sono le parole giuste per esprimere in sintesi il mio apprezzamento nei confronti del mio team dirigenziale e, in cascata, dei dipendenti di Baltur.\u00a0 <\/strong><br \/>\nSono un sostenitore convinto dell\u2019importanza del gioco di squadra: comunicazione e condivisione, non solo fra i manager ma anche fra le varie aree e persone dell\u2019Azienda, sono le parole chiave del nostro lavoro.<br \/>\nCome team leader, mi impegno sempre a fondo per favorire un ambiente di lavoro sano, positivo e produttivo e vedo con piacere che i miei manager mi seguono anche sotto questo aspetto.<\/p>\n<p><strong> Ci saranno novit\u00e0 di prodotto e processo anche quest\u2019anno. Ci pu\u00f2 anticipare qualcosa?<\/strong><\/p>\n<p>Importanti novit\u00e0 in merito ai prodotti sono rappresentate dall\u2019introduzione a catalogo di <strong>sistemi fotovoltaici per il residenziale e terziario<\/strong>, completi di inverter e batterie di accumulo, una nuova piattaforma di <strong>pompe di calore con gas refrigerante R290<\/strong> e un <strong>innovativo sistema di controllo e telegestione<\/strong> professionale per tutte le tipologie di centrali termiche.<\/p>\n<p>In merito ai processi, stiamo strutturando un nuovo team con personale altamente formato, dedicato alla formazione e alla consulenza continua di professionisti del settore.<\/p>\n<p><strong> Quali ambizioni e progetti per il futuro? <\/strong><\/p>\n<p>L\u2019obiettivo principale \u00e8 rendere la Baltur sempre pi\u00f9 vicina al cliente e al mercato, capace di sviluppare la propria attivit\u00e0 con un forte orientamento alla sostenibilit\u00e0.<\/p>\n<p>A fine settembre 2024 abbiamo avviato il percorso per adeguarci alla Direttiva Europea CSRD che porter\u00e0 l\u2019Azienda, tra le prime del nostro settore, alla redazione del <strong>Bilancio di Sostenibilit\u00e0<\/strong> in riferimento all\u2019esercizio 2025. Inoltre, attraverso specifici progetti e coadiuvati da professionisti in materia, stiamo lavorando per approcciare in modo serio e strutturato nuovi mercati esteri per far crescere l\u2019Azienda in modo sano, mantenendo sempre elevata la qualit\u00e0 dei nostri prodotti e del servizio al cliente.[\/vc_column_text][\/vc_column][\/vc_row]<\/p>\n<\/div>","protected":false},"excerpt":{"rendered":"<p>[vc_row][vc_column][vc_column_text css=&#8221;&#8221;] Da quanto tempo \u00e8 alla guida della Baltur? Dopo aver maturato utili e formative esperienze nei settori amministrativo e commerciale di altre aziende metalmeccaniche, sono entrato in Baltur nel 1995 e ne sono l\u2019Amministratore Delegato e Direttore Generale dal 1999. La storia dell&#8217;azienda si mescola con quella della sua famiglia: quali ricordi ha [&hellip;]<\/p>\n","protected":false},"author":3,"featured_media":4619,"comment_status":"closed","ping_status":"closed","sticky":false,"template":"","format":"standard","meta":{"_acf_changed":false,"footnotes":""},"categories":[6],"tags":[200,202,201],"class_list":["post-4570","post","type-post","status-publish","format-standard","has-post-thumbnail","hentry","category-we-are-baltur","tag-75-anni","tag-anniversario-baltur","tag-baltur-75"],"acf":[],"yoast_head":"<title>Deumidificatore vs Condizionatore: quale scegliere? | Baltur<\/title>\n<meta name=\"description\" content=\"Quando si tratta di climatizzare gli ambienti pu\u00f2 essere difficile scegliere tra un deumidificatore o un condizionatore. Vi spieghiamo come.\" \/>\n<meta name=\"robots\" content=\"index, follow, max-snippet:-1, max-image-preview:large, max-video-preview:-1\" \/>\n<link rel=\"canonical\" href=\"https:\/\/www.baltur.com\/it\/2025\/02\/baltur-75-anniversario\/\" \/>\n<meta property=\"og:locale\" content=\"it_IT\" \/>\n<meta property=\"og:type\" content=\"article\" \/>\n<meta property=\"og:title\" content=\"Deumidificatore vs Condizionatore: quale scegliere? | Baltur\" \/>\n<meta property=\"og:description\" content=\"Quando si tratta di climatizzare gli ambienti pu\u00f2 essere difficile scegliere tra un deumidificatore o un condizionatore. Vi spieghiamo come.\" \/>\n<meta property=\"og:url\" content=\"https:\/\/www.baltur.com\/it\/2025\/02\/baltur-75-anniversario\/\" \/>\n<meta property=\"og:site_name\" content=\"Baltur\" \/>\n<meta property=\"article:publisher\" content=\"https:\/\/www.facebook.com\/BalturSpa\/\" \/>\n<meta property=\"article:published_time\" content=\"2025-02-26T08:57:18+00:00\" \/>\n<meta property=\"og:image\" content=\"https:\/\/www.baltur.com\/it\/wp-content\/uploads\/2025\/02\/riccardo-fava.jpg\" \/>\n\t<meta property=\"og:image:width\" content=\"2560\" \/>\n\t<meta property=\"og:image:height\" content=\"1362\" \/>\n\t<meta property=\"og:image:type\" content=\"image\/jpeg\" \/>\n<meta name=\"author\" content=\"silvia.cantori\" \/>\n<meta name=\"twitter:card\" content=\"summary_large_image\" \/>\n<meta name=\"twitter:label1\" content=\"Scritto da\" \/>\n\t<meta name=\"twitter:data1\" content=\"silvia.cantori\" \/>\n\t<meta name=\"twitter:label2\" content=\"Tempo di lettura stimato\" \/>\n\t<meta name=\"twitter:data2\" content=\"5 minuti\" \/>\n<script type=\"application\/ld+json\" class=\"yoast-schema-graph\">{\"@context\":\"https:\/\/schema.org\",\"@graph\":[{\"@type\":\"Article\",\"@id\":\"https:\/\/www.baltur.com\/it\/2025\/02\/baltur-75-anniversario\/#article\",\"isPartOf\":{\"@id\":\"https:\/\/www.baltur.com\/it\/2025\/02\/baltur-75-anniversario\/\"},\"author\":{\"name\":\"silvia.cantori\",\"@id\":\"https:\/\/www.baltur.com\/it\/#\/schema\/person\/1ec991ca5dab090c2815965c08d97442\"},\"headline\":\"Baltur 75\u00b0 anniversario\",\"datePublished\":\"2025-02-26T08:57:18+00:00\",\"dateModified\":\"2025-02-26T08:57:18+00:00\",\"mainEntityOfPage\":{\"@id\":\"https:\/\/www.baltur.com\/it\/2025\/02\/baltur-75-anniversario\/\"},\"wordCount\":736,\"publisher\":{\"@id\":\"https:\/\/www.baltur.com\/it\/#organization\"},\"image\":{\"@id\":\"https:\/\/www.baltur.com\/it\/2025\/02\/baltur-75-anniversario\/#primaryimage\"},\"thumbnailUrl\":\"https:\/\/www.baltur.com\/it\/wp-content\/uploads\/2025\/02\/riccardo-fava.jpg\",\"keywords\":[\"75 anni\",\"anniversario baltur\",\"baltur 75\"],\"articleSection\":[\"We are Baltur\"],\"inLanguage\":\"it-IT\"},{\"@type\":\"WebPage\",\"@id\":\"https:\/\/www.baltur.com\/it\/2025\/02\/baltur-75-anniversario\/\",\"url\":\"https:\/\/www.baltur.com\/it\/2025\/02\/baltur-75-anniversario\/\",\"name\":\"Deumidificatore vs Condizionatore: quale scegliere? | Baltur\",\"isPartOf\":{\"@id\":\"https:\/\/www.baltur.com\/it\/#website\"},\"primaryImageOfPage\":{\"@id\":\"https:\/\/www.baltur.com\/it\/2025\/02\/baltur-75-anniversario\/#primaryimage\"},\"image\":{\"@id\":\"https:\/\/www.baltur.com\/it\/2025\/02\/baltur-75-anniversario\/#primaryimage\"},\"thumbnailUrl\":\"https:\/\/www.baltur.com\/it\/wp-content\/uploads\/2025\/02\/riccardo-fava.jpg\",\"datePublished\":\"2025-02-26T08:57:18+00:00\",\"dateModified\":\"2025-02-26T08:57:18+00:00\",\"description\":\"Quando si tratta di climatizzare gli ambienti pu\u00f2 essere difficile scegliere tra un deumidificatore o un condizionatore. Vi spieghiamo come.\",\"breadcrumb\":{\"@id\":\"https:\/\/www.baltur.com\/it\/2025\/02\/baltur-75-anniversario\/#breadcrumb\"},\"inLanguage\":\"it-IT\",\"potentialAction\":[{\"@type\":\"ReadAction\",\"target\":[\"https:\/\/www.baltur.com\/it\/2025\/02\/baltur-75-anniversario\/\"]}]},{\"@type\":\"ImageObject\",\"inLanguage\":\"it-IT\",\"@id\":\"https:\/\/www.baltur.com\/it\/2025\/02\/baltur-75-anniversario\/#primaryimage\",\"url\":\"https:\/\/www.baltur.com\/it\/wp-content\/uploads\/2025\/02\/riccardo-fava.jpg\",\"contentUrl\":\"https:\/\/www.baltur.com\/it\/wp-content\/uploads\/2025\/02\/riccardo-fava.jpg\",\"width\":2560,\"height\":1362},{\"@type\":\"BreadcrumbList\",\"@id\":\"https:\/\/www.baltur.com\/it\/2025\/02\/baltur-75-anniversario\/#breadcrumb\",\"itemListElement\":[{\"@type\":\"ListItem\",\"position\":1,\"name\":\"Home\",\"item\":\"https:\/\/www.baltur.com\/it\/\"},{\"@type\":\"ListItem\",\"position\":2,\"name\":\"Baltur 75\u00b0 anniversario\"}]},{\"@type\":\"WebSite\",\"@id\":\"https:\/\/www.baltur.com\/it\/#website\",\"url\":\"https:\/\/www.baltur.com\/it\/\",\"name\":\"Baltur\",\"description\":\"\",\"publisher\":{\"@id\":\"https:\/\/www.baltur.com\/it\/#organization\"},\"potentialAction\":[{\"@type\":\"SearchAction\",\"target\":{\"@type\":\"EntryPoint\",\"urlTemplate\":\"https:\/\/www.baltur.com\/it\/?s={search_term_string}\"},\"query-input\":{\"@type\":\"PropertyValueSpecification\",\"valueRequired\":true,\"valueName\":\"search_term_string\"}}],\"inLanguage\":\"it-IT\"},{\"@type\":\"Organization\",\"@id\":\"https:\/\/www.baltur.com\/it\/#organization\",\"name\":\"Baltur\",\"url\":\"https:\/\/www.baltur.com\/it\/\",\"logo\":{\"@type\":\"ImageObject\",\"inLanguage\":\"it-IT\",\"@id\":\"https:\/\/www.baltur.com\/it\/#\/schema\/logo\/image\/\",\"url\":\"https:\/\/www.baltur.com\/it\/wp-content\/uploads\/2024\/02\/logo.png\",\"contentUrl\":\"https:\/\/www.baltur.com\/it\/wp-content\/uploads\/2024\/02\/logo.png\",\"width\":240,\"height\":100,\"caption\":\"Baltur\"},\"image\":{\"@id\":\"https:\/\/www.baltur.com\/it\/#\/schema\/logo\/image\/\"},\"sameAs\":[\"https:\/\/www.facebook.com\/BalturSpa\/\",\"https:\/\/www.instagram.com\/baltur_spa\/\",\"https:\/\/www.linkedin.com\/company\/baltur-s-p-a-\/\",\"https:\/\/www.youtube.com\/user\/BalturSpA\"]},{\"@type\":\"Person\",\"@id\":\"https:\/\/www.baltur.com\/it\/#\/schema\/person\/1ec991ca5dab090c2815965c08d97442\",\"name\":\"silvia.cantori\",\"url\":\"https:\/\/www.baltur.com\/it\/author\/silvia-cantori\/\"}]}<\/script>","yoast_head_json":{"title":"Deumidificatore vs Condizionatore: quale scegliere? | Baltur","description":"Quando si tratta di climatizzare gli ambienti pu\u00f2 essere difficile scegliere tra un deumidificatore o un condizionatore. Vi spieghiamo come.","robots":{"index":"index","follow":"follow","max-snippet":"max-snippet:-1","max-image-preview":"max-image-preview:large","max-video-preview":"max-video-preview:-1"},"canonical":"https:\/\/www.baltur.com\/it\/2025\/02\/baltur-75-anniversario\/","og_locale":"it_IT","og_type":"article","og_title":"Deumidificatore vs Condizionatore: quale scegliere? | Baltur","og_description":"Quando si tratta di climatizzare gli ambienti pu\u00f2 essere difficile scegliere tra un deumidificatore o un condizionatore. Vi spieghiamo come.","og_url":"https:\/\/www.baltur.com\/it\/2025\/02\/baltur-75-anniversario\/","og_site_name":"Baltur","article_publisher":"https:\/\/www.facebook.com\/BalturSpa\/","article_published_time":"2025-02-26T08:57:18+00:00","og_image":[{"width":2560,"height":1362,"url":"https:\/\/www.baltur.com\/it\/wp-content\/uploads\/2025\/02\/riccardo-fava.jpg","type":"image\/jpeg"}],"author":"silvia.cantori","twitter_card":"summary_large_image","twitter_misc":{"Scritto da":"silvia.cantori","Tempo di lettura stimato":"5 minuti"},"schema":{"@context":"https:\/\/schema.org","@graph":[{"@type":"Article","@id":"https:\/\/www.baltur.com\/it\/2025\/02\/baltur-75-anniversario\/#article","isPartOf":{"@id":"https:\/\/www.baltur.com\/it\/2025\/02\/baltur-75-anniversario\/"},"author":{"name":"silvia.cantori","@id":"https:\/\/www.baltur.com\/it\/#\/schema\/person\/1ec991ca5dab090c2815965c08d97442"},"headline":"Baltur 75\u00b0 anniversario","datePublished":"2025-02-26T08:57:18+00:00","dateModified":"2025-02-26T08:57:18+00:00","mainEntityOfPage":{"@id":"https:\/\/www.baltur.com\/it\/2025\/02\/baltur-75-anniversario\/"},"wordCount":736,"publisher":{"@id":"https:\/\/www.baltur.com\/it\/#organization"},"image":{"@id":"https:\/\/www.baltur.com\/it\/2025\/02\/baltur-75-anniversario\/#primaryimage"},"thumbnailUrl":"https:\/\/www.baltur.com\/it\/wp-content\/uploads\/2025\/02\/riccardo-fava.jpg","keywords":["75 anni","anniversario baltur","baltur 75"],"articleSection":["We are Baltur"],"inLanguage":"it-IT"},{"@type":"WebPage","@id":"https:\/\/www.baltur.com\/it\/2025\/02\/baltur-75-anniversario\/","url":"https:\/\/www.baltur.com\/it\/2025\/02\/baltur-75-anniversario\/","name":"Deumidificatore vs Condizionatore: quale scegliere? | Baltur","isPartOf":{"@id":"https:\/\/www.baltur.com\/it\/#website"},"primaryImageOfPage":{"@id":"https:\/\/www.baltur.com\/it\/2025\/02\/baltur-75-anniversario\/#primaryimage"},"image":{"@id":"https:\/\/www.baltur.com\/it\/2025\/02\/baltur-75-anniversario\/#primaryimage"},"thumbnailUrl":"https:\/\/www.baltur.com\/it\/wp-content\/uploads\/2025\/02\/riccardo-fava.jpg","datePublished":"2025-02-26T08:57:18+00:00","dateModified":"2025-02-26T08:57:18+00:00","description":"Quando si tratta di climatizzare gli ambienti pu\u00f2 essere difficile scegliere tra un deumidificatore o un condizionatore. Vi spieghiamo come.","breadcrumb":{"@id":"https:\/\/www.baltur.com\/it\/2025\/02\/baltur-75-anniversario\/#breadcrumb"},"inLanguage":"it-IT","potentialAction":[{"@type":"ReadAction","target":["https:\/\/www.baltur.com\/it\/2025\/02\/baltur-75-anniversario\/"]}]},{"@type":"ImageObject","inLanguage":"it-IT","@id":"https:\/\/www.baltur.com\/it\/2025\/02\/baltur-75-anniversario\/#primaryimage","url":"https:\/\/www.baltur.com\/it\/wp-content\/uploads\/2025\/02\/riccardo-fava.jpg","contentUrl":"https:\/\/www.baltur.com\/it\/wp-content\/uploads\/2025\/02\/riccardo-fava.jpg","width":2560,"height":1362},{"@type":"BreadcrumbList","@id":"https:\/\/www.baltur.com\/it\/2025\/02\/baltur-75-anniversario\/#breadcrumb","itemListElement":[{"@type":"ListItem","position":1,"name":"Home","item":"https:\/\/www.baltur.com\/it\/"},{"@type":"ListItem","position":2,"name":"Baltur 75\u00b0 anniversario"}]},{"@type":"WebSite","@id":"https:\/\/www.baltur.com\/it\/#website","url":"https:\/\/www.baltur.com\/it\/","name":"Baltur","description":"","publisher":{"@id":"https:\/\/www.baltur.com\/it\/#organization"},"potentialAction":[{"@type":"SearchAction","target":{"@type":"EntryPoint","urlTemplate":"https:\/\/www.baltur.com\/it\/?s={search_term_string}"},"query-input":{"@type":"PropertyValueSpecification","valueRequired":true,"valueName":"search_term_string"}}],"inLanguage":"it-IT"},{"@type":"Organization","@id":"https:\/\/www.baltur.com\/it\/#organization","name":"Baltur","url":"https:\/\/www.baltur.com\/it\/","logo":{"@type":"ImageObject","inLanguage":"it-IT","@id":"https:\/\/www.baltur.com\/it\/#\/schema\/logo\/image\/","url":"https:\/\/www.baltur.com\/it\/wp-content\/uploads\/2024\/02\/logo.png","contentUrl":"https:\/\/www.baltur.com\/it\/wp-content\/uploads\/2024\/02\/logo.png","width":240,"height":100,"caption":"Baltur"},"image":{"@id":"https:\/\/www.baltur.com\/it\/#\/schema\/logo\/image\/"},"sameAs":["https:\/\/www.facebook.com\/BalturSpa\/","https:\/\/www.instagram.com\/baltur_spa\/","https:\/\/www.linkedin.com\/company\/baltur-s-p-a-\/","https:\/\/www.youtube.com\/user\/BalturSpA"]},{"@type":"Person","@id":"https:\/\/www.baltur.com\/it\/#\/schema\/person\/1ec991ca5dab090c2815965c08d97442","name":"silvia.cantori","url":"https:\/\/www.baltur.com\/it\/author\/silvia-cantori\/"}]}},"_links":{"self":[{"href":"https:\/\/www.baltur.com\/it\/wp-json\/wp\/v2\/posts\/4570"}],"collection":[{"href":"https:\/\/www.baltur.com\/it\/wp-json\/wp\/v2\/posts"}],"about":[{"href":"https:\/\/www.baltur.com\/it\/wp-json\/wp\/v2\/types\/post"}],"author":[{"embeddable":true,"href":"https:\/\/www.baltur.com\/it\/wp-json\/wp\/v2\/users\/3"}],"replies":[{"embeddable":true,"href":"https:\/\/www.baltur.com\/it\/wp-json\/wp\/v2\/comments?post=4570"}],"version-history":[{"count":2,"href":"https:\/\/www.baltur.com\/it\/wp-json\/wp\/v2\/posts\/4570\/revisions"}],"predecessor-version":[{"id":4618,"href":"https:\/\/www.baltur.com\/it\/wp-json\/wp\/v2\/posts\/4570\/revisions\/4618"}],"wp:featuredmedia":[{"embeddable":true,"href":"https:\/\/www.baltur.com\/it\/wp-json\/wp\/v2\/media\/4619"}],"wp:attachment":[{"href":"https:\/\/www.baltur.com\/it\/wp-json\/wp\/v2\/media?parent=4570"}],"wp:term":[{"taxonomy":"category","embeddable":true,"href":"https:\/\/www.baltur.com\/it\/wp-json\/wp\/v2\/categories?post=4570"},{"taxonomy":"post_tag","embeddable":true,"href":"https:\/\/www.baltur.com\/it\/wp-json\/wp\/v2\/tags?post=4570"}],"curies":[{"name":"wp","href":"https:\/\/api.w.org\/{rel}","templated":true}]}}